{"id":23978,"date":"2021-11-25T10:10:02","date_gmt":"2021-11-25T13:10:02","guid":{"rendered":"https:\/\/napa.gl\/must-i\/"},"modified":"2022-08-02T13:32:06","modified_gmt":"2022-08-02T15:32:06","slug":"must-i","status":"publish","type":"post","link":"https:\/\/napa.gl\/en\/must-i\/","title":{"rendered":"Must I?"},"content":{"rendered":"\t\t<div data-elementor-type=\"wp-post\" data-elementor-id=\"23978\" class=\"elementor elementor-23978\" data-elementor-post-type=\"post\">\n\t\t\t\t\t\t<section class=\"elementor-section elementor-top-section elementor-element elementor-element-4d93f1fc elementor-section-full_width elementor-section-height-default elementor-section-height-default parallax_section_no qode_elementor_container_no\" data-id=\"4d93f1fc\" data-element_type=\"section\" data-e-type=\"section\">\n\t\t\t\t\t\t<div class=\"elementor-container elementor-column-gap-default\">\n\t\t\t\t\t<div class=\"elementor-column elementor-col-66 elementor-top-column elementor-element elementor-element-1919630b\" data-id=\"1919630b\" data-element_type=\"column\" data-e-type=\"column\">\n\t\t\t<div class=\"elementor-widget-wrap elementor-element-populated\">\n\t\t\t\t\t\t<div class=\"elementor-element elementor-element-55b7e440 elementor-author-box--layout-image-left elementor-author-box--align-left elementor-author-box--image-valign-top elementor-author-box--avatar-yes elementor-author-box--name-yes elementor-author-box--biography-yes elementor-widget elementor-widget-author-box\" data-id=\"55b7e440\" data-element_type=\"widget\" data-e-type=\"widget\" data-widget_type=\"author-box.default\">\n\t\t\t\t<div class=\"elementor-widget-container\">\n\t\t\t\t\t\t\t<div class=\"elementor-author-box\">\n\t\t\t\t\t\t\t<a href=\"https:\/\/napa.gl\/en\/author\/gudrun\/\" class=\"elementor-author-box__avatar\">\n\t\t\t\t\t<img decoding=\"async\" src=\"https:\/\/secure.gravatar.com\/avatar\/077e283d6391ac7fa02fcb5eb7dc4b43390d44a4e2719df0cd4883f4255ed1a3?s=300&#038;d=mm&#038;r=g\" alt=\"Picture of Gudrun Havsteen-Mikkelsen\" loading=\"lazy\">\n\t\t\t\t<\/a>\n\t\t\t\n\t\t\t<div class=\"elementor-author-box__text\">\n\t\t\t\t\t\t\t\t\t<a href=\"https:\/\/napa.gl\/en\/author\/gudrun\/\">\n\t\t\t\t\t\t<h5 class=\"elementor-author-box__name\">\n\t\t\t\t\t\t\tGudrun Havsteen-Mikkelsen\t\t\t\t\t\t<\/h5>\n\t\t\t\t\t<\/a>\n\t\t\t\t\n\t\t\t\t\t\t\t\t\t<div class=\"elementor-author-box__bio\">\n\t\t\t\t\t\t\t\t\t\t\t<\/div>\n\t\t\t\t\n\t\t\t\t\t\t\t<\/div>\n\t\t<\/div>\n\t\t\t\t\t\t<\/div>\n\t\t\t\t<\/div>\n\t\t\t\t<div class=\"elementor-element elementor-element-3cce317e elementor-drop-cap-yes elementor-drop-cap-view-default elementor-widget elementor-widget-text-editor\" data-id=\"3cce317e\" data-element_type=\"widget\" data-e-type=\"widget\" data-settings=\"{&quot;drop_cap&quot;:&quot;yes&quot;}\" data-widget_type=\"text-editor.default\">\n\t\t\t\t<div class=\"elementor-widget-container\">\n\t\t\t\t\t\t\t\t\tJust by reading the headline Danes and Norwegians &#8211; and perhaps also Swedes \u2013 will start reading with different understanding. When I, as a Norwegian, say &#8220;M\u00e5 jeg g\u00f8re det?&#8221; it means &#8211; &#8220;do I absolutely have to do it&#8221; &#8211; or can I do something else? For a Dane, \u201cM\u00e5 jeg g\u00f8re det?\u201d means that I ask if I can be allowed to do so.\r\n\r\nAs the new CEO of the office, I tried to figure out what meetings and tasks to prioritize. In the planning of the week, a meeting arose at which NAPA was to be represented. My question was whether it was I as the CEO who was to attend the meeting, or whether she who was responsible for the task could do it alone. So, when she presents the meeting for discussion, I ask:\r\n\r\n&#8211; Must I go to the meeting? (In Norwegian: m\u00e5 jeg g\u00e5 p\u00e5 m\u00f8tet?)\r\n\r\nShe answers\r\n\r\n&#8211; Yes, you may. (In Danish: Ja, det m\u00e5 du)\r\n\r\nI was a little put out. In Norwegian, it is quite rude to tell someone that they must do something &#8211; that&#8217;s what you say to your children &#8211; &#8220;Yes, you must do the dishes, you cannot escape that task just because you want to play with friends&#8221;. When we write &#8220;must&#8221;, it is often followed by an exclamation mark. &#8220;You must go to school!&#8221;\r\n\r\nI thought that there might be some code that it was important that the CEO was present, but when I considered the nature of the meeting, I did not quite get it to fit.\r\n\r\n&#8211; Okay, but MUST I go? (in Norwegian: Ok, men M\u00c5 jeg?)\t\t\t\t\t\t\t\t<\/div>\n\t\t\t\t<\/div>\n\t\t\t\t<div class=\"elementor-element elementor-element-ee7fd6a elementor-widget elementor-widget-heading\" data-id=\"ee7fd6a\" data-element_type=\"widget\" data-e-type=\"widget\" data-widget_type=\"heading.default\">\n\t\t\t\t<div class=\"elementor-widget-container\">\n\t\t\t\t\t<h5 class=\"elementor-heading-title elementor-size-default\">Yes, you\u2019re allowed to, you're the boss! (in Danish: Ja, det m\u00e5 du da, du er jo chef!)<\/h5>\t\t\t\t<\/div>\n\t\t\t\t<\/div>\n\t\t\t\t<div class=\"elementor-element elementor-element-4e5f6e1d elementor-drop-cap-yes elementor-drop-cap-view-default elementor-widget elementor-widget-text-editor\" data-id=\"4e5f6e1d\" data-element_type=\"widget\" data-e-type=\"widget\" data-settings=\"{&quot;drop_cap&quot;:&quot;yes&quot;}\" data-widget_type=\"text-editor.default\">\n\t\t\t\t<div class=\"elementor-widget-container\">\n\t\t\t\t\t\t\t\t\tFinally, I figured out the communication failure and replied\r\n\r\n&#8211; Ok, but do I have to go to the meeting, or can you do it yourself?\r\n\r\n&#8211; No, of course you do not have to go, I can take it.\r\n\r\nAs a newcomer to Greenland, I was prepared to meet a new culture, a new language and to be the one who did not immediately understand what people were talking about around me. In a Nordic institution, I was not as prepared for the differences in the Scandinavian language or for the differences in communication.\r\n\r\nIn Greenland, I relate to various Scandinavian languages \u200b\u200b- mainly Danish, spoken by Danes, Greenlanders, Icelanders, and Faroese. I try to learn Greenlandic, but it is a long time until I can participate in a conversation on an equal footing. Icelanders and Faroese understand my Norwegian instinctively, as we have a common starting point &#8211; Old Norse and I can speak my dialect. I read Danish more easily than Icelandic and Faroese, as the Norwegian written language was developed during the time we were ruled by the Danes. But communication is so much. Greenlanders who speak Danish communicate in a different way than Danes who speak Danish and Icelanders and Faroese who speak Danish. Communication is not just the language that is spoken, but how it is spoken, pace, body language, linguistic images that are based on understanding what it refers to, and all the unspoken.\t\t\t\t\t\t\t\t<\/div>\n\t\t\t\t<\/div>\n\t\t\t\t<div class=\"elementor-element elementor-element-799e4d00 elementor-widget elementor-widget-heading\" data-id=\"799e4d00\" data-element_type=\"widget\" data-e-type=\"widget\" data-widget_type=\"heading.default\">\n\t\t\t\t<div class=\"elementor-widget-container\">\n\t\t\t\t\t<h5 class=\"elementor-heading-title elementor-size-default\">The Nordic community is more than a Scandinavian language and cultural community.<\/h5>\t\t\t\t<\/div>\n\t\t\t\t<\/div>\n\t\t\t\t<div class=\"elementor-element elementor-element-7a473a14 elementor-drop-cap-yes elementor-drop-cap-view-default elementor-widget elementor-widget-text-editor\" data-id=\"7a473a14\" data-element_type=\"widget\" data-e-type=\"widget\" data-settings=\"{&quot;drop_cap&quot;:&quot;yes&quot;}\" data-widget_type=\"text-editor.default\">\n\t\t\t\t<div class=\"elementor-widget-container\">\n\t\t\t\t\t\t\t\t\tThe challenge in the Nordic context is, in my opinion, that we do not recognize the great differences and the diversity that exists in the Nordic region. The Nordic countries cannot allow that some are more Nordic than others, that there is no room for diversity. There are 10 different official languages \u200b\u200bin the Nordic countries, there is no Nordic language. We have Norwegian, Swedish, and Danish which are the Scandinavian language.\t\t\t\t\t\t\t\t<\/div>\n\t\t\t\t<\/div>\n\t\t\t\t<div class=\"elementor-element elementor-element-3714f72 elementor-widget elementor-widget-image\" data-id=\"3714f72\" data-element_type=\"widget\" data-e-type=\"widget\" data-widget_type=\"image.default\">\n\t\t\t\t<div class=\"elementor-widget-container\">\n\t\t\t\t\t\t\t\t\t\t\t\t\t\t\t<img loading=\"lazy\" decoding=\"async\" width=\"1024\" height=\"683\" src=\"https:\/\/napa.gl\/wp-content\/uploads\/2021\/11\/richimage.2016-07-12.496343065-1024x683.jpg\" class=\"attachment-large size-large wp-image-23808\" alt=\"\" srcset=\"https:\/\/napa.gl\/wp-content\/uploads\/2021\/11\/richimage.2016-07-12.496343065-1024x683.jpg 1024w, https:\/\/napa.gl\/wp-content\/uploads\/2021\/11\/richimage.2016-07-12.496343065-300x200.jpg 300w, https:\/\/napa.gl\/wp-content\/uploads\/2021\/11\/richimage.2016-07-12.496343065-768x512.jpg 768w, https:\/\/napa.gl\/wp-content\/uploads\/2021\/11\/richimage.2016-07-12.496343065-1536x1024.jpg 1536w, https:\/\/napa.gl\/wp-content\/uploads\/2021\/11\/richimage.2016-07-12.496343065-2048x1365.jpg 2048w, https:\/\/napa.gl\/wp-content\/uploads\/2021\/11\/richimage.2016-07-12.496343065-700x467.jpg 700w\" sizes=\"auto, (max-width: 1024px) 100vw, 1024px\" \/>\t\t\t\t\t\t\t\t\t\t\t\t\t\t\t<\/div>\n\t\t\t\t<\/div>\n\t\t\t\t<div class=\"elementor-element elementor-element-1b10d88 elementor-drop-cap-yes elementor-drop-cap-view-default elementor-widget elementor-widget-text-editor\" data-id=\"1b10d88\" data-element_type=\"widget\" data-e-type=\"widget\" data-settings=\"{&quot;drop_cap&quot;:&quot;yes&quot;}\" data-widget_type=\"text-editor.default\">\n\t\t\t\t<div class=\"elementor-widget-container\">\n\t\t\t\t\t\t\t\t\tIf we are to achieve the goal of becoming the world&#8217;s most integrated and sustainable region, then we must first acknowledge the diversity that exists, all the experiences we can learn from and together, and equally exchange experiences in a language that everyone understands. Otherwise, we lose. Diversity is our strength. We cannot have an A and a B team based on language skills in the Nordic countries. Those who have Norwegian, Swedish, or Danish as their second language must be given an equal place around the meeting table and be heard in the same way. Either through an interpreter, through a mixed-Scandinavian conversation at a pace that allows everyone to understand, written support in the conversation or, simply that we all switch to our second language &#8211; English. The politically correct cannot hinder understanding and exchange of experience in the Nordic region &#8211; we need all perspectives to be heard and seen and recognized throughout the Nordic region.\t\t\t\t\t\t\t\t<\/div>\n\t\t\t\t<\/div>\n\t\t\t\t<div class=\"elementor-element elementor-element-58fd3941 elementor-widget elementor-widget-heading\" data-id=\"58fd3941\" data-element_type=\"widget\" data-e-type=\"widget\" data-widget_type=\"heading.default\">\n\t\t\t\t<div class=\"elementor-widget-container\">\n\t\t\t\t\t<h5 class=\"elementor-heading-title elementor-size-default\">\"A Nordic community built solely on Scandinavian languages is in itself excluding.\" -Malin Corlin, NAPA <\/h5>\t\t\t\t<\/div>\n\t\t\t\t<\/div>\n\t\t\t\t<div class=\"elementor-element elementor-element-40aff065 elementor-drop-cap-yes elementor-drop-cap-view-default elementor-widget elementor-widget-text-editor\" data-id=\"40aff065\" data-element_type=\"widget\" data-e-type=\"widget\" data-settings=\"{&quot;drop_cap&quot;:&quot;yes&quot;}\" data-widget_type=\"text-editor.default\">\n\t\t\t\t<div class=\"elementor-widget-container\">\n\t\t\t\t\t\t\t\t\tDoes the Nordic region have a language community? &#8211; is the title of a webinar in which our collaborator Malin Corlin participated in the panel. 2000 young people throughout the Nordic region were asked and <a href=\"https:\/\/www.norden.org\/en\/event\/webinar-does-nordic-language-community-exist\" target=\"_blank\" rel=\"noopener\">here you can get the report presented and listen to the conversation.<\/a>\t\t\t\t\t\t\t\t<\/div>\n\t\t\t\t<\/div>\n\t\t\t\t<div class=\"elementor-element elementor-element-13c4e391 elementor-widget elementor-widget-heading\" data-id=\"13c4e391\" data-element_type=\"widget\" data-e-type=\"widget\" data-widget_type=\"heading.default\">\n\t\t\t\t<div class=\"elementor-widget-container\">\n\t\t\t\t\t<h5 class=\"elementor-heading-title elementor-size-default\">#Arcticperspectives<\/h5>\t\t\t\t<\/div>\n\t\t\t\t<\/div>\n\t\t\t\t\t<\/div>\n\t\t<\/div>\n\t\t\t\t<div class=\"elementor-column elementor-col-33 elementor-top-column elementor-element elementor-element-685bc738\" data-id=\"685bc738\" data-element_type=\"column\" data-e-type=\"column\">\n\t\t\t<div class=\"elementor-widget-wrap elementor-element-populated\">\n\t\t\t\t\t\t<div class=\"elementor-element elementor-element-3e822265 elementor-widget elementor-widget-post-info\" data-id=\"3e822265\" data-element_type=\"widget\" data-e-type=\"widget\" data-widget_type=\"post-info.default\">\n\t\t\t\t<div class=\"elementor-widget-container\">\n\t\t\t\t\t\t\t<ul class=\"elementor-icon-list-items elementor-post-info\">\n\t\t\t\t\t\t\t\t<li class=\"elementor-icon-list-item elementor-repeater-item-1fb0691\" itemprop=\"datePublished\">\n\t\t\t\t\t\t\t\t\t\t<span class=\"elementor-icon-list-icon\">\n\t\t\t\t\t\t\t\t<i aria-hidden=\"true\" class=\"fas fa-calendar-alt\"><\/i>\t\t\t\t\t\t\t<\/span>\n\t\t\t\t\t\t\t\t\t<span class=\"elementor-icon-list-text elementor-post-info__item elementor-post-info__item--type-date\">\n\t\t\t\t\t\t\t\t\t\t<time>25. November 2021<\/time>\t\t\t\t\t<\/span>\n\t\t\t\t\t\t\t\t<\/li>\n\t\t\t\t<li class=\"elementor-icon-list-item elementor-repeater-item-f857cc0\" itemprop=\"about\">\n\t\t\t\t\t\t\t\t\t\t<span class=\"elementor-icon-list-icon\">\n\t\t\t\t\t\t\t\t<i aria-hidden=\"true\" class=\"fas fa-list-ul\"><\/i>\t\t\t\t\t\t\t<\/span>\n\t\t\t\t\t\t\t\t\t<span class=\"elementor-icon-list-text elementor-post-info__item elementor-post-info__item--type-terms\">\n\t\t\t\t\t\t\t\t\t\t<span class=\"elementor-post-info__terms-list\">\n\t\t\t\t<a href=\"https:\/\/napa.gl\/en\/category\/arctic-perspectives\/\" class=\"elementor-post-info__terms-list-item\">Arctic perspectives<\/a>, <a href=\"https:\/\/napa.gl\/da\/category\/arktiske-perspektiver\/\" class=\"elementor-post-info__terms-list-item\">Arktiske perspektiver<\/a>, <a href=\"https:\/\/napa.gl\/category\/issitor-miunut-sammiliviiffik\/\" class=\"elementor-post-info__terms-list-item\">Issitor miunut sammiliviiffik<\/a>\t\t\t\t<\/span>\n\t\t\t\t\t<\/span>\n\t\t\t\t\t\t\t\t<\/li>\n\t\t\t\t<\/ul>\n\t\t\t\t\t\t<\/div>\n\t\t\t\t<\/div>\n\t\t\t\t\t<\/div>\n\t\t<\/div>\n\t\t\t\t\t<\/div>\n\t\t<\/section>\n\t\t\t\t<section class=\"elementor-section elementor-top-section elementor-element elementor-element-7fdb046c elementor-section-full_width elementor-section-height-default elementor-section-height-default parallax_section_no qode_elementor_container_no\" data-id=\"7fdb046c\" data-element_type=\"section\" data-e-type=\"section\">\n\t\t\t\t\t\t<div class=\"elementor-container elementor-column-gap-default\">\n\t\t\t\t\t<div class=\"elementor-column elementor-col-100 elementor-top-column elementor-element elementor-element-6e4a84e9\" data-id=\"6e4a84e9\" data-element_type=\"column\" data-e-type=\"column\">\n\t\t\t<div class=\"elementor-widget-wrap elementor-element-populated\">\n\t\t\t\t\t\t<div class=\"elementor-element elementor-element-3c370242 elementor-widget elementor-widget-heading\" data-id=\"3c370242\" data-element_type=\"widget\" data-e-type=\"widget\" data-widget_type=\"heading.default\">\n\t\t\t\t<div class=\"elementor-widget-container\">\n\t\t\t\t\t<h5 class=\"elementor-heading-title elementor-size-default\">Other posts in Director's blog<\/h5>\t\t\t\t<\/div>\n\t\t\t\t<\/div>\n\t\t\t\t\t<\/div>\n\t\t<\/div>\n\t\t\t\t\t<\/div>\n\t\t<\/section>\n\t\t\t\t<\/div>\n\t\t","protected":false},"excerpt":{"rendered":"<p>Just by reading the headline Danes and Norwegians &#8211; and perhaps also Swedes \u2013 will start reading with different understanding. When I, as a Norwegian, say &#8220;M\u00e5 jeg g\u00f8re det?&#8221; it means &#8211; &#8220;do I absolutely have to do it&#8221; &#8211; or can I do&#8230;<\/p>\n","protected":false},"author":24,"featured_media":22032,"comment_status":"closed","ping_status":"closed","sticky":false,"template":"","format":"standard","meta":{"footnotes":""},"categories":[149,141,144],"tags":[],"class_list":["post-23978","post","type-post","status-publish","format-standard","has-post-thumbnail","hentry","category-arctic-perspectives","category-arktiske-perspektiver","category-issitor-miunut-sammiliviiffik"],"_links":{"self":[{"href":"https:\/\/napa.gl\/en\/wp-json\/wp\/v2\/posts\/23978","targetHints":{"allow":["GET"]}}],"collection":[{"href":"https:\/\/napa.gl\/en\/wp-json\/wp\/v2\/posts"}],"about":[{"href":"https:\/\/napa.gl\/en\/wp-json\/wp\/v2\/types\/post"}],"author":[{"embeddable":true,"href":"https:\/\/napa.gl\/en\/wp-json\/wp\/v2\/users\/24"}],"replies":[{"embeddable":true,"href":"https:\/\/napa.gl\/en\/wp-json\/wp\/v2\/comments?post=23978"}],"version-history":[{"count":4,"href":"https:\/\/napa.gl\/en\/wp-json\/wp\/v2\/posts\/23978\/revisions"}],"predecessor-version":[{"id":31059,"href":"https:\/\/napa.gl\/en\/wp-json\/wp\/v2\/posts\/23978\/revisions\/31059"}],"wp:featuredmedia":[{"embeddable":true,"href":"https:\/\/napa.gl\/en\/wp-json\/wp\/v2\/media\/22032"}],"wp:attachment":[{"href":"https:\/\/napa.gl\/en\/wp-json\/wp\/v2\/media?parent=23978"}],"wp:term":[{"taxonomy":"category","embeddable":true,"href":"https:\/\/napa.gl\/en\/wp-json\/wp\/v2\/categories?post=23978"},{"taxonomy":"post_tag","embeddable":true,"href":"https:\/\/napa.gl\/en\/wp-json\/wp\/v2\/tags?post=23978"}],"curies":[{"name":"wp","href":"https:\/\/api.w.org\/{rel}","templated":true}]}}