{"id":21455,"date":"2021-04-13T10:24:16","date_gmt":"2021-04-13T12:24:16","guid":{"rendered":"https:\/\/napa.gl\/meet-the-nominees-for-the-nordic-council-literature-prize\/"},"modified":"2022-08-02T13:37:22","modified_gmt":"2022-08-02T15:37:22","slug":"meet-the-nominees-for-the-nordic-council-literature-prize","status":"publish","type":"post","link":"https:\/\/napa.gl\/en\/meet-the-nominees-for-the-nordic-council-literature-prize\/","title":{"rendered":"Meet the nominees for the Nordic Council Literature Prize"},"content":{"rendered":"\t\t<div data-elementor-type=\"wp-post\" data-elementor-id=\"21455\" class=\"elementor elementor-21455 elementor-21437\" data-elementor-post-type=\"post\">\n\t\t\t\t\t\t<section class=\"elementor-section elementor-top-section elementor-element elementor-element-6911f911 elementor-section-boxed elementor-section-height-default elementor-section-height-default parallax_section_no qode_elementor_container_no\" data-id=\"6911f911\" data-element_type=\"section\" data-e-type=\"section\">\n\t\t\t\t\t\t<div class=\"elementor-container elementor-column-gap-default\">\n\t\t\t\t\t<div class=\"elementor-column elementor-col-66 elementor-top-column elementor-element elementor-element-7a208b1b\" data-id=\"7a208b1b\" data-element_type=\"column\" data-e-type=\"column\">\n\t\t\t<div class=\"elementor-widget-wrap elementor-element-populated\">\n\t\t\t\t\t\t<div class=\"elementor-element elementor-element-1c28b116 elementor-widget elementor-widget-text-editor\" data-id=\"1c28b116\" data-element_type=\"widget\" data-e-type=\"widget\" data-widget_type=\"text-editor.default\">\n\t\t\t\t<div class=\"elementor-widget-container\">\n\t\t\t\t\t\t\t\t\t<p>On 14 April, a new series of livestreamed author talks with the nominees for the Nordic Council Literature Prize will be premiered. Each week, we meet with some of the current writers to talk about survival, madness, relationships, travel desire, decay, and other perspectives that affect their works. There will also be readings with the nominees.<\/p>\n\t\t\t\t\t\t\t\t<\/div>\n\t\t\t\t<\/div>\n\t\t\t\t<div class=\"elementor-element elementor-element-607f87a6 elementor-widget elementor-widget-text-editor\" data-id=\"607f87a6\" data-element_type=\"widget\" data-e-type=\"widget\" data-widget_type=\"text-editor.default\">\n\t\t\t\t<div class=\"elementor-widget-container\">\n\t\t\t\t\t\t\t\t\t<p>This year&#8217;s candidates span the entire Nordic region with works from all countries and language areas. A strong field of fiction, whose content is about writing on wet paper, the decay of capitalism and social-realistic conditions. In addition, there are offers of survival methods, a valley full of plastic flowers and an apocalyptic text about the future of the earth are also among the nominated works.<\/p><p>Nine novels, four collections of poems and one collection of short stories have been nominated, and among these are both Niviaq Korneliussen, Ursula Andkj\u00e6r Olsen, Andrzej Tich\u00fd, Inga Ravna Eira and Vigdis Hjorth nominated before.<\/p><p><strong>Inspirational meetings online<\/strong><br \/>The author lectures give the opportunity to find out more about the authors from all over the Nordic region and hear them talk about their nominated works. The sections vary in both content and focus depending on the authors involved and the moderator leading the conversation.<\/p><p>The author lectures are broadcast live on <a href=\"http:\/\/www.facebook.com\/nordiskkulturkontakt\/live\" target=\"_blank\" rel=\"noopener\">Facebook<\/a> and the <a href=\"http:\/\/www.nordiskkulturkontakt.org\/\" target=\"_blank\" rel=\"noopener\">Nordic Culture Contact&#8217;s website<\/a> every week, starting on 14 April.<\/p><p>The interviews will be in Scandinavian, with the exception of 12 May and 26 May, where the events will be in English.<\/p><p>April 14: <a href=\"https:\/\/www.facebook.com\/events\/726928297978478\" target=\"_blank\" rel=\"noopener\">Vigdis Hjorth and Ursula Andkj\u00e6r Olsen &#8211; moderator Yukiko Duke<\/a><br \/>April 21: <a href=\"https:\/\/www.nordiskkulturkontakt.org\/en\/events\/live-lars-amund-vaage-sebastian-johans-nordiska-radets-litteraturpris-2021\/\" target=\"_blank\" rel=\"noopener\">Lars Amund Vaage and Sebastian Johans &#8211; moderator Marit Lindqvist<\/a><br \/>April 28: <a href=\"https:\/\/www.facebook.com\/events\/1362836110741728\/\" target=\"_blank\" rel=\"noopener\">Andrzej Tich\u00fd &#8211; moderator Sara Nyman<\/a><br \/>May 5: <a href=\"https:\/\/www.facebook.com\/events\/466151874500390\/\" target=\"_blank\" rel=\"noopener\">Johanne Lykke Holm and Niviaq Korneliussen &#8211; moderator Janne Breinholt Bak<\/a><br \/>May 12: <a href=\"https:\/\/www.facebook.com\/events\/846025889458753\" target=\"_blank\" rel=\"noopener\">Pajtim Statovci and Gu\u00f0r\u00fan Eva M\u00ednervud\u00f3ttir &#8211; moderator Sofie Hermansen Eriksdatter<\/a><br \/>May 19: <a href=\"https:\/\/www.facebook.com\/events\/5427318227340843\/\" target=\"_blank\" rel=\"noopener\">Heidi von Wright and L\u00edv Maria R\u00f3ad\u00f3ttir J\u00e6ger &#8211; moderator Malan Marnersd\u00f3ttir<\/a><br \/>May 26: <a href=\"https:\/\/www.facebook.com\/events\/283013749972708\" target=\"_blank\" rel=\"noopener\">Andri Sn\u00e6r Magnason and Inga Ravna Eira &#8211; moderator Sunna D\u00eds M\u00e1sd\u00f3ttir<\/a><\/p><p><strong>Nordic co-production<\/strong><br \/>The digital conversation series is produced in collaboration between the Nordic cultural institutions: Nordic Cultural Contact in Helsinki, Nordic House in the Faroe Islands, Nordic Institute in Greenland (NAPA), Nordic Institute in \u00c5land and Nordic House in Reykjavik, which also houses the Secretariat for the Nordic Council Literature Prize.<\/p><p>Here are the nominees for this year&#8217;s literature prize:<\/p><p>&#8220;Broarna&#8221; by Sebastian Johans. Novel. (\u00c5land)<br \/>&#8220;Bolla&#8221; by Pajtim Statovci. Novel. (Finland)<br \/>&#8220;Autofiktiv digt af Heidi von Wright&#8221; by Heidi von Wright. Poet. (Finland)<br \/>&#8220;Penge p\u00e5 lommen. Scandinavian Star. Del 1&#8221; by Asta Olivia Nordenhof. Novel. (Denmark)<br \/>&#8220;Mit smykkeskrin&#8221; by Ursula Andkj\u00e6r Olsen. Poetry collection. (Denmark)<br \/>&#8220;Eg skrivi \u00e1 v\u00e1tt papp\u00edr&#8221; by L\u00edv Maria R\u00f3ad\u00f3ttir J\u00e6ger. Poet. (Faroe Islands)<br \/>&#8220;Naasuliardarpi&#8221; by Niviaq Korneliussen. Novel. (Greenland)<br \/>&#8220;Um t\u00edmann og vatni\u00f0&#8221; by Andri Sn\u00e6r Magnason. Novel. (Iceland)<br \/>&#8220;A\u00f0fer\u00f0ir til a\u00f0 lifa af&#8221; by Gu\u00f0r\u00fan Eva M\u00ednervud\u00f3ttir. Novel. (Iceland)<br \/>&#8220;Er mor d\u00f8d&#8221; by Vigdis Hjorth. Novel. (Norway)<br \/>&#8220;Det uferdige huset&#8221; by Lars Amund Vaage. Novel. (Norway)<br \/>&#8220;G\u00e1htt\u00e1ra I\u0111it&#8221; by Inga Ravna Eira, Poet. (The Sami language area)<br \/>&#8220;Strega&#8221; by Johanne Lykke Holm. Novel. (Sweden)<br \/>&#8220;Renheten&#8221; by Andrzej Tich\u00fd. Short stories. (Sweden)<\/p><p><a href=\"https:\/\/www.norden.org\/da\/literature-prize\" target=\"_blank\" rel=\"noopener\">Read more about the nominees at norden.org<\/a><\/p>\t\t\t\t\t\t\t\t<\/div>\n\t\t\t\t<\/div>\n\t\t\t\t\t<\/div>\n\t\t<\/div>\n\t\t\t\t<div class=\"elementor-column elementor-col-33 elementor-top-column elementor-element elementor-element-79a9db0f\" data-id=\"79a9db0f\" data-element_type=\"column\" data-e-type=\"column\">\n\t\t\t<div class=\"elementor-widget-wrap elementor-element-populated\">\n\t\t\t\t\t\t<div class=\"elementor-element elementor-element-5184fc8b elementor-widget elementor-widget-post-info\" data-id=\"5184fc8b\" data-element_type=\"widget\" data-e-type=\"widget\" data-widget_type=\"post-info.default\">\n\t\t\t\t<div class=\"elementor-widget-container\">\n\t\t\t\t\t\t\t<ul class=\"elementor-icon-list-items elementor-post-info\">\n\t\t\t\t\t\t\t\t<li class=\"elementor-icon-list-item elementor-repeater-item-1fb0691\" itemprop=\"datePublished\">\n\t\t\t\t\t\t\t\t\t\t<span class=\"elementor-icon-list-icon\">\n\t\t\t\t\t\t\t\t<i aria-hidden=\"true\" class=\"fas fa-calendar-alt\"><\/i>\t\t\t\t\t\t\t<\/span>\n\t\t\t\t\t\t\t\t\t<span class=\"elementor-icon-list-text elementor-post-info__item elementor-post-info__item--type-date\">\n\t\t\t\t\t\t\t\t\t\t<time>13. April 2021<\/time>\t\t\t\t\t<\/span>\n\t\t\t\t\t\t\t\t<\/li>\n\t\t\t\t<li class=\"elementor-icon-list-item elementor-repeater-item-f857cc0\" itemprop=\"about\">\n\t\t\t\t\t\t\t\t\t\t<span class=\"elementor-icon-list-icon\">\n\t\t\t\t\t\t\t\t<i aria-hidden=\"true\" class=\"fas fa-list-ul\"><\/i>\t\t\t\t\t\t\t<\/span>\n\t\t\t\t\t\t\t\t\t<span class=\"elementor-icon-list-text elementor-post-info__item elementor-post-info__item--type-terms\">\n\t\t\t\t\t\t\t\t\t\t<span class=\"elementor-post-info__terms-list\">\n\t\t\t\t<a href=\"https:\/\/napa.gl\/en\/category\/events\/\" class=\"elementor-post-info__terms-list-item\">Events<\/a>, <a href=\"https:\/\/napa.gl\/en\/category\/news\/\" class=\"elementor-post-info__terms-list-item\">News<\/a>, <a href=\"https:\/\/napa.gl\/en\/category\/nordic-region\/\" class=\"elementor-post-info__terms-list-item\">Nordic region<\/a>\t\t\t\t<\/span>\n\t\t\t\t\t<\/span>\n\t\t\t\t\t\t\t\t<\/li>\n\t\t\t\t<\/ul>\n\t\t\t\t\t\t<\/div>\n\t\t\t\t<\/div>\n\t\t\t\t\t<\/div>\n\t\t<\/div>\n\t\t\t\t\t<\/div>\n\t\t<\/section>\n\t\t\t\t<section class=\"elementor-section elementor-top-section elementor-element elementor-element-5878efb7 elementor-section-boxed elementor-section-height-default elementor-section-height-default parallax_section_no qode_elementor_container_no\" data-id=\"5878efb7\" data-element_type=\"section\" data-e-type=\"section\">\n\t\t\t\t\t\t<div class=\"elementor-container elementor-column-gap-default\">\n\t\t\t\t\t<div class=\"elementor-column elementor-col-100 elementor-top-column elementor-element elementor-element-268d49d0\" data-id=\"268d49d0\" data-element_type=\"column\" data-e-type=\"column\">\n\t\t\t<div class=\"elementor-widget-wrap elementor-element-populated\">\n\t\t\t\t\t\t<div class=\"elementor-element elementor-element-5bd329f9 elementor-widget elementor-widget-heading\" data-id=\"5bd329f9\" data-element_type=\"widget\" data-e-type=\"widget\" data-widget_type=\"heading.default\">\n\t\t\t\t<div class=\"elementor-widget-container\">\n\t\t\t\t\t<h5 class=\"elementor-heading-title elementor-size-default\">Other news<\/h5>\t\t\t\t<\/div>\n\t\t\t\t<\/div>\n\t\t\t\t\t<\/div>\n\t\t<\/div>\n\t\t\t\t\t<\/div>\n\t\t<\/section>\n\t\t\t\t<\/div>\n\t\t","protected":false},"excerpt":{"rendered":"<p>On 14 April, a new series of livestreamed author talks with the nominees for the Nordic Council Literature Prize will be premiered. Each week, we meet with some of the current writers to talk about survival, madness, relationships, travel desire, decay, and other perspectives that&#8230;<\/p>\n","protected":false},"author":24,"featured_media":21439,"comment_status":"closed","ping_status":"closed","sticky":false,"template":"","format":"standard","meta":{"footnotes":""},"categories":[132,156,151],"tags":[],"class_list":["post-21455","post","type-post","status-publish","format-standard","has-post-thumbnail","hentry","category-events","category-news","category-nordic-region"],"_links":{"self":[{"href":"https:\/\/napa.gl\/en\/wp-json\/wp\/v2\/posts\/21455","targetHints":{"allow":["GET"]}}],"collection":[{"href":"https:\/\/napa.gl\/en\/wp-json\/wp\/v2\/posts"}],"about":[{"href":"https:\/\/napa.gl\/en\/wp-json\/wp\/v2\/types\/post"}],"author":[{"embeddable":true,"href":"https:\/\/napa.gl\/en\/wp-json\/wp\/v2\/users\/24"}],"replies":[{"embeddable":true,"href":"https:\/\/napa.gl\/en\/wp-json\/wp\/v2\/comments?post=21455"}],"version-history":[{"count":12,"href":"https:\/\/napa.gl\/en\/wp-json\/wp\/v2\/posts\/21455\/revisions"}],"predecessor-version":[{"id":21665,"href":"https:\/\/napa.gl\/en\/wp-json\/wp\/v2\/posts\/21455\/revisions\/21665"}],"wp:featuredmedia":[{"embeddable":true,"href":"https:\/\/napa.gl\/en\/wp-json\/wp\/v2\/media\/21439"}],"wp:attachment":[{"href":"https:\/\/napa.gl\/en\/wp-json\/wp\/v2\/media?parent=21455"}],"wp:term":[{"taxonomy":"category","embeddable":true,"href":"https:\/\/napa.gl\/en\/wp-json\/wp\/v2\/categories?post=21455"},{"taxonomy":"post_tag","embeddable":true,"href":"https:\/\/napa.gl\/en\/wp-json\/wp\/v2\/tags?post=21455"}],"curies":[{"name":"wp","href":"https:\/\/api.w.org\/{rel}","templated":true}]}}