{"id":19316,"date":"2020-10-21T14:33:37","date_gmt":"2020-10-21T16:33:37","guid":{"rendered":"https:\/\/napa.gl\/?p=19316"},"modified":"2022-08-02T13:37:39","modified_gmt":"2022-08-02T15:37:39","slug":"nunatta-atuagaateqarfia-og-napa-inviterer-til-litteraturarrangement","status":"publish","type":"post","link":"https:\/\/napa.gl\/da\/nunatta-atuagaateqarfia-og-napa-inviterer-til-litteraturarrangement\/","title":{"rendered":"Nunatta Atuagaateqarfia og NAPA inviterer til litteraturarrangement"},"content":{"rendered":"\t\t<div data-elementor-type=\"wp-post\" data-elementor-id=\"19316\" class=\"elementor elementor-19316\" data-elementor-post-type=\"post\">\n\t\t\t\t\t\t<section class=\"elementor-section elementor-top-section elementor-element elementor-element-70afda0 elementor-section-boxed elementor-section-height-default elementor-section-height-default parallax_section_no qode_elementor_container_no\" data-id=\"70afda0\" data-element_type=\"section\" data-e-type=\"section\">\n\t\t\t\t\t\t<div class=\"elementor-container elementor-column-gap-default\">\n\t\t\t\t\t<div class=\"elementor-column elementor-col-66 elementor-top-column elementor-element elementor-element-b17651c\" data-id=\"b17651c\" data-element_type=\"column\" data-e-type=\"column\">\n\t\t\t<div class=\"elementor-widget-wrap elementor-element-populated\">\n\t\t\t\t\t\t<div class=\"elementor-element elementor-element-4d719eb4 elementor-widget elementor-widget-text-editor\" data-id=\"4d719eb4\" data-element_type=\"widget\" data-e-type=\"widget\" data-widget_type=\"text-editor.default\">\n\t\t\t\t<div class=\"elementor-widget-container\">\n\t\t\t\t\t\t\t\t\t<p>Nunatta Atuagaateqarfia og NAPA s\u00e6tter Niviaq Korneliussen og den islandske forfatter Au\u00f0ur Ava \u00d3lafsd\u00f3ttir i st\u00e6vne til en snak om temaet selvmord, som de har til f\u00e6lles i deres romaner Blomsterdalen og Ar.<\/p>\t\t\t\t\t\t\t\t<\/div>\n\t\t\t\t<\/div>\n\t\t\t\t<div class=\"elementor-element elementor-element-68ec4a74 elementor-widget elementor-widget-text-editor\" data-id=\"68ec4a74\" data-element_type=\"widget\" data-e-type=\"widget\" data-widget_type=\"text-editor.default\">\n\t\t\t\t<div class=\"elementor-widget-container\">\n\t\t\t\t\t\t\t\t\t<p>Tirsdag den 27. oktober kl. 19.00 p\u00e5 Nunatta Atuagaateqarfia (Landsbiblioteket)<\/p><p>Aftenen vil best\u00e5 af to dele. Den f\u00f8rste del fra 19:00-20:00 er en samtale mellem Niviaq og Au\u00f0ur. Denne del vil foreg\u00e5 p\u00e5 engelsk. Samtalen vil blive modereret af Andrea Christiansen, som er journalist i KNR Radio.<\/p><p>I anden del fra 20:00-20:30 kan du stille sp\u00f8rgsm\u00e5l til Niviaq.<\/p><p>Arrangementet er i forbindelse med uddelingen af Nordisk R\u00e5ds Litteraturpris, som bliver uddelt samme dag.<\/p><p>Blomsterdalen skrevet af Niviaq Korneliussen handler om en kvinde fra Nuuk. Hun oplevede det f\u00f8rste selvmord, da hun var tretten. Selv vil hun begraves mellem de h\u00f8je fjelde i Tasiilaq, hvor de navnl\u00f8se grave p\u00e5 kirkeg\u00e5rden i Blomsterdalen er d\u00e6kket med bl\u00e5, r\u00f8de og pink plastikblomster, der skriger i den rene sne. Hun har en k\u00e6reste, hun elsker, en omsorgsfuld familie, og hun er lige kommet ind p\u00e5 universitetet i Aarhus. Verden st\u00e5r \u00e5ben, men intet f\u00f8les rigtigt, og gradvist begynder verden at sn\u00e6vre sig ind omkring hende, og en nedt\u00e6lling begynder.<\/p><p>Niviaqs f\u00f8rste roman HOMO sapienne blev nomineret til Nordisk R\u00e5ds Litteraturpris i 2015.<\/p><p>Au\u00f0ur Ava \u00d3lafsd\u00f3ttir skriver om mennesker, der befinder sig i sorg, og mennesker, der k\u00e6mper for at finde en mening med tilv\u00e6relsen. I 2018 blev hendes roman Ar tildelt Nordisk R\u00e5ds Litteraturpris. Romanen handler om en mand med b\u00e5de fysiske og mentale ar, der har besluttet sig for at tage sit eget liv. Men da han tvinges til at forholde sig til det, der foreg\u00e5r uden for hans egen navle, finder han en vej tilbage til livet.<\/p><p>Vi serverer, som altid, te og kaffe og det er gratis at deltage. Arrangementet vil ogs\u00e5 blive live-streamet p\u00e5 Facebook af Nunatta Atuagaateqarfia (Landsbiblioteket).<\/p>\t\t\t\t\t\t\t\t<\/div>\n\t\t\t\t<\/div>\n\t\t\t\t\t<\/div>\n\t\t<\/div>\n\t\t\t\t<div class=\"elementor-column elementor-col-33 elementor-top-column elementor-element elementor-element-2df218b8\" data-id=\"2df218b8\" data-element_type=\"column\" data-e-type=\"column\">\n\t\t\t<div class=\"elementor-widget-wrap elementor-element-populated\">\n\t\t\t\t\t\t<div class=\"elementor-element elementor-element-3a35b75a elementor-widget elementor-widget-post-info\" data-id=\"3a35b75a\" data-element_type=\"widget\" data-e-type=\"widget\" data-widget_type=\"post-info.default\">\n\t\t\t\t<div class=\"elementor-widget-container\">\n\t\t\t\t\t\t\t<ul class=\"elementor-icon-list-items elementor-post-info\">\n\t\t\t\t\t\t\t\t<li class=\"elementor-icon-list-item elementor-repeater-item-1fb0691\" itemprop=\"datePublished\">\n\t\t\t\t\t\t\t\t\t\t<span class=\"elementor-icon-list-icon\">\n\t\t\t\t\t\t\t\t<i aria-hidden=\"true\" class=\"fas fa-calendar-alt\"><\/i>\t\t\t\t\t\t\t<\/span>\n\t\t\t\t\t\t\t\t\t<span class=\"elementor-icon-list-text elementor-post-info__item elementor-post-info__item--type-date\">\n\t\t\t\t\t\t\t\t\t\t<time>21. oktober 2020<\/time>\t\t\t\t\t<\/span>\n\t\t\t\t\t\t\t\t<\/li>\n\t\t\t\t<li class=\"elementor-icon-list-item elementor-repeater-item-f857cc0\" itemprop=\"about\">\n\t\t\t\t\t\t\t\t\t\t<span class=\"elementor-icon-list-icon\">\n\t\t\t\t\t\t\t\t<i aria-hidden=\"true\" class=\"fas fa-list-ul\"><\/i>\t\t\t\t\t\t\t<\/span>\n\t\t\t\t\t\t\t\t\t<span class=\"elementor-icon-list-text elementor-post-info__item elementor-post-info__item--type-terms\">\n\t\t\t\t\t\t\t\t\t\t<span class=\"elementor-post-info__terms-list\">\n\t\t\t\t<a href=\"https:\/\/napa.gl\/da\/category\/begivenheder\/\" class=\"elementor-post-info__terms-list-item\">Begivenheder<\/a>, <a href=\"https:\/\/napa.gl\/da\/category\/kultur\/\" class=\"elementor-post-info__terms-list-item\">Kultur<\/a>, <a href=\"https:\/\/napa.gl\/da\/category\/norden\/\" class=\"elementor-post-info__terms-list-item\">Norden<\/a>, <a href=\"https:\/\/napa.gl\/da\/category\/nyt\/\" class=\"elementor-post-info__terms-list-item\">Nyt<\/a>, <a href=\"https:\/\/napa.gl\/da\/category\/sprog\/\" class=\"elementor-post-info__terms-list-item\">Sprog<\/a>\t\t\t\t<\/span>\n\t\t\t\t\t<\/span>\n\t\t\t\t\t\t\t\t<\/li>\n\t\t\t\t<\/ul>\n\t\t\t\t\t\t<\/div>\n\t\t\t\t<\/div>\n\t\t\t\t\t<\/div>\n\t\t<\/div>\n\t\t\t\t\t<\/div>\n\t\t<\/section>\n\t\t\t\t<section class=\"elementor-section elementor-top-section elementor-element elementor-element-14656284 elementor-section-boxed elementor-section-height-default elementor-section-height-default parallax_section_no qode_elementor_container_no\" data-id=\"14656284\" data-element_type=\"section\" data-e-type=\"section\">\n\t\t\t\t\t\t<div class=\"elementor-container elementor-column-gap-default\">\n\t\t\t\t\t<div class=\"elementor-column elementor-col-100 elementor-top-column elementor-element elementor-element-5164f4c3\" data-id=\"5164f4c3\" data-element_type=\"column\" data-e-type=\"column\">\n\t\t\t<div class=\"elementor-widget-wrap elementor-element-populated\">\n\t\t\t\t\t\t<div class=\"elementor-element elementor-element-7b937962 elementor-widget elementor-widget-heading\" data-id=\"7b937962\" data-element_type=\"widget\" data-e-type=\"widget\" data-widget_type=\"heading.default\">\n\t\t\t\t<div class=\"elementor-widget-container\">\n\t\t\t\t\t<h5 class=\"elementor-heading-title elementor-size-default\">Andet nyt<\/h5>\t\t\t\t<\/div>\n\t\t\t\t<\/div>\n\t\t\t\t\t<\/div>\n\t\t<\/div>\n\t\t\t\t\t<\/div>\n\t\t<\/section>\n\t\t\t\t<\/div>\n\t\t","protected":false},"excerpt":{"rendered":"<p>Nunatta Atuagaateqarfia og NAPA s\u00e6tter Niviaq Korneliussen og den islandske forfatter Au\u00f0ur Ava \u00d3lafsd\u00f3ttir i st\u00e6vne til en snak om temaet selvmord, som de har til f\u00e6lles i deres romaner Blomsterdalen og Ar. Tirsdag den 27. oktober kl. 19.00 p\u00e5 Nunatta Atuagaateqarfia (Landsbiblioteket) Aftenen vil&#8230;<\/p>\n","protected":false},"author":24,"featured_media":19314,"comment_status":"closed","ping_status":"closed","sticky":false,"template":"","format":"standard","meta":{"footnotes":""},"categories":[114,101,142,115,131],"tags":[],"class_list":["post-19316","post","type-post","status-publish","format-standard","has-post-thumbnail","hentry","category-begivenheder","category-kultur","category-norden","category-nyt","category-sprog"],"_links":{"self":[{"href":"https:\/\/napa.gl\/da\/wp-json\/wp\/v2\/posts\/19316","targetHints":{"allow":["GET"]}}],"collection":[{"href":"https:\/\/napa.gl\/da\/wp-json\/wp\/v2\/posts"}],"about":[{"href":"https:\/\/napa.gl\/da\/wp-json\/wp\/v2\/types\/post"}],"author":[{"embeddable":true,"href":"https:\/\/napa.gl\/da\/wp-json\/wp\/v2\/users\/24"}],"replies":[{"embeddable":true,"href":"https:\/\/napa.gl\/da\/wp-json\/wp\/v2\/comments?post=19316"}],"version-history":[{"count":14,"href":"https:\/\/napa.gl\/da\/wp-json\/wp\/v2\/posts\/19316\/revisions"}],"predecessor-version":[{"id":19337,"href":"https:\/\/napa.gl\/da\/wp-json\/wp\/v2\/posts\/19316\/revisions\/19337"}],"wp:featuredmedia":[{"embeddable":true,"href":"https:\/\/napa.gl\/da\/wp-json\/wp\/v2\/media\/19314"}],"wp:attachment":[{"href":"https:\/\/napa.gl\/da\/wp-json\/wp\/v2\/media?parent=19316"}],"wp:term":[{"taxonomy":"category","embeddable":true,"href":"https:\/\/napa.gl\/da\/wp-json\/wp\/v2\/categories?post=19316"},{"taxonomy":"post_tag","embeddable":true,"href":"https:\/\/napa.gl\/da\/wp-json\/wp\/v2\/tags?post=19316"}],"curies":[{"name":"wp","href":"https:\/\/api.w.org\/{rel}","templated":true}]}}