{"id":17716,"date":"2020-12-17T11:08:30","date_gmt":"2020-12-17T14:08:30","guid":{"rendered":"https:\/\/napa.gl\/?p=17716"},"modified":"2022-08-02T13:37:36","modified_gmt":"2022-08-02T15:37:36","slug":"hvem-er-vi-skriv","status":"publish","type":"post","link":"https:\/\/napa.gl\/da\/hvem-er-vi-skriv\/","title":{"rendered":"Hvem er vi? Skriv!"},"content":{"rendered":"\t\t<div data-elementor-type=\"wp-post\" data-elementor-id=\"17716\" class=\"elementor elementor-17716\" data-elementor-post-type=\"post\">\n\t\t\t\t\t\t<section class=\"elementor-section elementor-top-section elementor-element elementor-element-7e278b3e elementor-section-boxed elementor-section-height-default elementor-section-height-default parallax_section_no qode_elementor_container_no\" data-id=\"7e278b3e\" data-element_type=\"section\" data-e-type=\"section\">\n\t\t\t\t\t\t<div class=\"elementor-container elementor-column-gap-default\">\n\t\t\t\t\t<div class=\"elementor-column elementor-col-66 elementor-top-column elementor-element elementor-element-297f7201\" data-id=\"297f7201\" data-element_type=\"column\" data-e-type=\"column\">\n\t\t\t<div class=\"elementor-widget-wrap elementor-element-populated\">\n\t\t\t\t\t\t<div class=\"elementor-element elementor-element-2ae4aec5 elementor-drop-cap-yes elementor-drop-cap-view-default elementor-widget elementor-widget-text-editor\" data-id=\"2ae4aec5\" data-element_type=\"widget\" data-e-type=\"widget\" data-settings=\"{&quot;drop_cap&quot;:&quot;yes&quot;}\" data-widget_type=\"text-editor.default\">\n\t\t\t\t<div class=\"elementor-widget-container\">\n\t\t\t\t\t\t\t\t\tSammen med den franske fotograf Charlotte Lakits har NAPA lavet skriveworkshops for unge. Fra tanke til papir for at portr\u00e6ttere moderne unge i Gr\u00f8nland\t\t\t\t\t\t\t\t<\/div>\n\t\t\t\t<\/div>\n\t\t\t\t<div class=\"elementor-element elementor-element-360d4433 elementor-widget elementor-widget-text-editor\" data-id=\"360d4433\" data-element_type=\"widget\" data-e-type=\"widget\" data-widget_type=\"text-editor.default\">\n\t\t\t\t<div class=\"elementor-widget-container\">\n\t\t\t\t\t\t\t\t\tStemningen var intens og livlig p\u00e5 de forel\u00f8big to skriveworkshops, som NAPA har v\u00e6ret med til at realisere. Skrivegl\u00e6den, den sproglige nysgerrighed og legelyst boblede ud af de unge, der deltog. Den f\u00f8rste workshop fandt sted i kulturhuset Katuaq og den anden p\u00e5 GUX, gymnasiet i Nuuk.\n\nNina Thomsen, l\u00e6rer p\u00e5 GUX, fort\u00e6ller om workshoppen:\n\n\u201cDet var en stor gl\u00e6de at f\u00e5 lov til at give eleverne muligheden for bare at skrive og se de unge mennesker arbejde engageret og nysgerrigt med deres tekster. Det var tydeligt, at flere eleverne oplevede en ny side af deres sprog og dem selv. De var meget glade for muligheden for \u201cingen regler\u201d og impulsivitet ved bare at skrive.\u201d\t\t\t\t\t\t\t\t<\/div>\n\t\t\t\t<\/div>\n\t\t\t\t<div class=\"elementor-element elementor-element-249b02e elementor-widget elementor-widget-heading\" data-id=\"249b02e\" data-element_type=\"widget\" data-e-type=\"widget\" data-widget_type=\"heading.default\">\n\t\t\t\t<div class=\"elementor-widget-container\">\n\t\t\t\t\t<h5 class=\"elementor-heading-title elementor-size-default\">100 portr\u00e6tter<\/h5>\t\t\t\t<\/div>\n\t\t\t\t<\/div>\n\t\t\t\t<div class=\"elementor-element elementor-element-190ef99 elementor-widget elementor-widget-text-editor\" data-id=\"190ef99\" data-element_type=\"widget\" data-e-type=\"widget\" data-widget_type=\"text-editor.default\">\n\t\t\t\t<div class=\"elementor-widget-container\">\n\t\t\t\t\t\t\t\t\t<p>Initiativet til skriveworkshopperne kommer fra den franske fotograf Charlotte Lakits, der har lavet flere kunstprojekter i Gr\u00f8nland. Blandt andet har hun deltaget p\u00e5 Nuuk Nordisk Kulturfestival 2019, hvor hun fik st\u00f8tte af NAPAs Kulturst\u00f8tteprogram. Med sit aktuelle projekt, Who We Are, sp\u00f8rger hun nutidens ungdom i Gr\u00f8nland hvem de er.<\/p><p>M\u00e5let er at samle 100 portr\u00e6tter af den nye generation. De skal vise al den mangfoldighed og de ressourcer der findes hos de unge i Nuuk.\u2028 Skriftlige og fotografiske portr\u00e6tter &#8211; fotograferet af Charlotte og skrevet af de unge selv.<\/p><p>Det startede som et dokumentarprojekt om de unge i Nuuk og som et opr\u00f8r mod fordomme om gr\u00f8nl\u00e6ndere og tendensen blandt fotografer til at foretr\u00e6kke \u00e6stetik frem for etik.<\/p><p>\u201cJeg kommer fra Frankrig og det billede folk har af Gr\u00f8nland i mit hjemland, er langt fra virkeligheden. Det er dramatiseret, romantiseret, alts\u00e5 ikke \u00e6rligt. De fleste fotografer kommer herop i kort tid, skyder nogle naturbilleder og snakker ikke med folk\u201d, fort\u00e6ller Charlotte Lakits.<\/p>\t\t\t\t\t\t\t\t<\/div>\n\t\t\t\t<\/div>\n\t\t\t\t<div class=\"elementor-element elementor-element-bba04f0 elementor-widget elementor-widget-heading\" data-id=\"bba04f0\" data-element_type=\"widget\" data-e-type=\"widget\" data-widget_type=\"heading.default\">\n\t\t\t\t<div class=\"elementor-widget-container\">\n\t\t\t\t\t<h5 class=\"elementor-heading-title elementor-size-default\">Skrivning er en superkraft<\/h5>\t\t\t\t<\/div>\n\t\t\t\t<\/div>\n\t\t\t\t<div class=\"elementor-element elementor-element-5874fe4 elementor-widget elementor-widget-text-editor\" data-id=\"5874fe4\" data-element_type=\"widget\" data-e-type=\"widget\" data-widget_type=\"text-editor.default\">\n\t\t\t\t<div class=\"elementor-widget-container\">\n\t\t\t\t\t\t\t\t\t<p>For at hj\u00e6lpe de medvirkende i gang med skriveriet inviterede hun forfatterne Pivinnguaq M\u00f8rch (GL) og Per Bloch (DK) til at medvirke. Sammen har de f\u00f8r lavet skriveworkshops for Nunatta Atuagaateqarfia, Landsbiblioteket i Nuuk. Pivinnguaq M\u00f8rch har v\u00e6ret nomineret til Nordisk R\u00e5ds Litteraturpris og har udgivet b\u00e5de b\u00f8rnelitteratur, noveller og digte. Per Bloch er ud over sit kunstneriske virke ogs\u00e5 kommunikationsansvarlig p\u00e5 NAPA og p\u00e5 den m\u00e5de st\u00f8ttede NAPA ikke med penge fra Kulturst\u00f8tteprogrammet, men med interne ressourcer til de skriftlige udfoldelser.<\/p><p>For at motivere deltagerne til at skrive delte Pivinnguaq M\u00f8rch og Per Bloch ud af deres foretrukne skrivev\u00e6rkt\u00f8jer og fortalte om deres egne udgivelser og skriveprocesser. Deltagerne valgte selv, om de ville skrive p\u00e5 gr\u00f8nlandsk, engelsk eller dansk.<\/p><p>\u201cJeg h\u00e5ber, at de unge vil huske, at de kan altid s\u00e6tte sig ned og skrive. N\u00e5r de er vrede eller n\u00e5r de er glade &#8211; uanset hvad de f\u00f8ler eller t\u00e6nker, de kan altid skrive det og f\u00e5 det ud. Ord er vigtige og det at kunne udtrykke sig med ord er, efter min mening en superkraft,\u201d afrunder Charlotte Lakits.<\/p><p><a href=\"http:\/\/www.charlottelakits.com\" target=\"_blank\" rel=\"noopener\">Bes\u00f8g Charlotte Lakits\u2019 hjemmeside<\/a><br \/><br \/>L\u00e6s om <a href=\"http:\/\/milik.gl\/bog\/arpaatit-qaqortut\/\" target=\"_blank\" rel=\"noopener\">Pivinnguaq M\u00f8rchs novelle- og digtsamling<\/a>, \u201cArpaatit qaqortut\u201d (\u201cDe hvide l\u00f8besko\u201d), som var <a href=\"https:\/\/www.norden.org\/da\/nominee\/pivinnguaq-morch\" target=\"_blank\" rel=\"noopener\">nomineret til Nordisk R\u00e5ds Litteraturpris<\/a>.<br \/><br \/>L\u00e6s om <a href=\"http:\/\/www.stimuli.dk\/?p=2342\" target=\"_blank\" rel=\"noopener\">Per Blochs spoken word-projekt<\/a>, \u201cVi skal noget sammen\u201d, skabt i Gr\u00f8nland med flere gr\u00f8nlandske medvirkende.<\/p><p>Billeder af Charlotte Lakits og NAPA<\/p>\t\t\t\t\t\t\t\t<\/div>\n\t\t\t\t<\/div>\n\t\t\t\t\t<\/div>\n\t\t<\/div>\n\t\t\t\t<div class=\"elementor-column elementor-col-33 elementor-top-column elementor-element elementor-element-32ee09a5\" data-id=\"32ee09a5\" data-element_type=\"column\" data-e-type=\"column\">\n\t\t\t<div class=\"elementor-widget-wrap elementor-element-populated\">\n\t\t\t\t\t\t<div class=\"elementor-element elementor-element-15fffcb9 elementor-widget elementor-widget-post-info\" data-id=\"15fffcb9\" data-element_type=\"widget\" data-e-type=\"widget\" data-widget_type=\"post-info.default\">\n\t\t\t\t<div class=\"elementor-widget-container\">\n\t\t\t\t\t\t\t<ul class=\"elementor-icon-list-items elementor-post-info\">\n\t\t\t\t\t\t\t\t<li class=\"elementor-icon-list-item elementor-repeater-item-1fb0691\" itemprop=\"datePublished\">\n\t\t\t\t\t\t\t\t\t\t<span class=\"elementor-icon-list-icon\">\n\t\t\t\t\t\t\t\t<i aria-hidden=\"true\" class=\"fas fa-calendar-alt\"><\/i>\t\t\t\t\t\t\t<\/span>\n\t\t\t\t\t\t\t\t\t<span class=\"elementor-icon-list-text elementor-post-info__item elementor-post-info__item--type-date\">\n\t\t\t\t\t\t\t\t\t\t<time>17. december 2020<\/time>\t\t\t\t\t<\/span>\n\t\t\t\t\t\t\t\t<\/li>\n\t\t\t\t<li class=\"elementor-icon-list-item elementor-repeater-item-f857cc0\" itemprop=\"about\">\n\t\t\t\t\t\t\t\t\t\t<span class=\"elementor-icon-list-icon\">\n\t\t\t\t\t\t\t\t<i aria-hidden=\"true\" class=\"fas fa-list-ul\"><\/i>\t\t\t\t\t\t\t<\/span>\n\t\t\t\t\t\t\t\t\t<span class=\"elementor-icon-list-text elementor-post-info__item elementor-post-info__item--type-terms\">\n\t\t\t\t\t\t\t\t\t\t<span class=\"elementor-post-info__terms-list\">\n\t\t\t\t<a href=\"https:\/\/napa.gl\/da\/category\/nyt\/\" class=\"elementor-post-info__terms-list-item\">Nyt<\/a>\t\t\t\t<\/span>\n\t\t\t\t\t<\/span>\n\t\t\t\t\t\t\t\t<\/li>\n\t\t\t\t<\/ul>\n\t\t\t\t\t\t<\/div>\n\t\t\t\t<\/div>\n\t\t\t\t<div class=\"elementor-element elementor-element-6a77cd12 elementor-widget elementor-widget-text-editor\" data-id=\"6a77cd12\" data-element_type=\"widget\" data-e-type=\"widget\" data-widget_type=\"text-editor.default\">\n\t\t\t\t<div class=\"elementor-widget-container\">\n\t\t\t\t\t\t\t\t\t<p><strong>Del<\/strong><\/p>\t\t\t\t\t\t\t\t<\/div>\n\t\t\t\t<\/div>\n\t\t\t\t<div class=\"elementor-element elementor-element-4ca65900 elementor-share-buttons--view-icon elementor-share-buttons--skin-gradient elementor-share-buttons--shape-square elementor-grid-0 elementor-share-buttons--color-official elementor-widget elementor-widget-share-buttons\" data-id=\"4ca65900\" data-element_type=\"widget\" data-e-type=\"widget\" data-widget_type=\"share-buttons.default\">\n\t\t\t\t<div class=\"elementor-widget-container\">\n\t\t\t\t\t\t\t<div class=\"elementor-grid\" role=\"list\">\n\t\t\t\t\t\t\t\t<div class=\"elementor-grid-item\" role=\"listitem\">\n\t\t\t\t\t\t<div class=\"elementor-share-btn elementor-share-btn_facebook\" role=\"button\" tabindex=\"0\" aria-label=\"Del p\u00e5 facebook\">\n\t\t\t\t\t\t\t\t\t\t\t\t\t\t\t<span class=\"elementor-share-btn__icon\">\n\t\t\t\t\t\t\t\t<i class=\"fab fa-facebook\" aria-hidden=\"true\"><\/i>\t\t\t\t\t\t\t<\/span>\n\t\t\t\t\t\t\t\t\t\t\t\t\t\t\t\t\t\t\t\t<\/div>\n\t\t\t\t\t<\/div>\n\t\t\t\t\t\t\t\t\t<div class=\"elementor-grid-item\" role=\"listitem\">\n\t\t\t\t\t\t<div class=\"elementor-share-btn elementor-share-btn_linkedin\" role=\"button\" tabindex=\"0\" aria-label=\"Del p\u00e5 linkedin\">\n\t\t\t\t\t\t\t\t\t\t\t\t\t\t\t<span class=\"elementor-share-btn__icon\">\n\t\t\t\t\t\t\t\t<i class=\"fab fa-linkedin\" aria-hidden=\"true\"><\/i>\t\t\t\t\t\t\t<\/span>\n\t\t\t\t\t\t\t\t\t\t\t\t\t\t\t\t\t\t\t\t<\/div>\n\t\t\t\t\t<\/div>\n\t\t\t\t\t\t<\/div>\n\t\t\t\t\t\t<\/div>\n\t\t\t\t<\/div>\n\t\t\t\t\t<\/div>\n\t\t<\/div>\n\t\t\t\t\t<\/div>\n\t\t<\/section>\n\t\t\t\t<section class=\"elementor-section elementor-top-section elementor-element elementor-element-5f5c953c elementor-section-boxed elementor-section-height-default elementor-section-height-default parallax_section_no qode_elementor_container_no\" data-id=\"5f5c953c\" data-element_type=\"section\" data-e-type=\"section\">\n\t\t\t\t\t\t<div class=\"elementor-container elementor-column-gap-no\">\n\t\t\t\t\t<div class=\"elementor-column elementor-col-50 elementor-top-column elementor-element elementor-element-1bd93835\" data-id=\"1bd93835\" data-element_type=\"column\" data-e-type=\"column\">\n\t\t\t<div class=\"elementor-widget-wrap elementor-element-populated\">\n\t\t\t\t\t\t<div class=\"elementor-element elementor-element-1968b8fb elementor-widget elementor-widget-image\" data-id=\"1968b8fb\" data-element_type=\"widget\" data-e-type=\"widget\" data-widget_type=\"image.default\">\n\t\t\t\t<div class=\"elementor-widget-container\">\n\t\t\t\t\t\t\t\t\t\t\t\t\t\t\t<img loading=\"lazy\" decoding=\"async\" width=\"2560\" height=\"1920\" src=\"https:\/\/napa.gl\/wp-content\/uploads\/2020\/12\/IMG_0655-scaled.jpeg\" class=\"attachment-full size-full wp-image-17698\" alt=\"\" srcset=\"https:\/\/napa.gl\/wp-content\/uploads\/2020\/12\/IMG_0655-scaled.jpeg 2560w, https:\/\/napa.gl\/wp-content\/uploads\/2020\/12\/IMG_0655-300x225.jpeg 300w, https:\/\/napa.gl\/wp-content\/uploads\/2020\/12\/IMG_0655-1024x768.jpeg 1024w, https:\/\/napa.gl\/wp-content\/uploads\/2020\/12\/IMG_0655-768x576.jpeg 768w, https:\/\/napa.gl\/wp-content\/uploads\/2020\/12\/IMG_0655-1536x1152.jpeg 1536w, https:\/\/napa.gl\/wp-content\/uploads\/2020\/12\/IMG_0655-2048x1536.jpeg 2048w, https:\/\/napa.gl\/wp-content\/uploads\/2020\/12\/IMG_0655-800x600.jpeg 800w, https:\/\/napa.gl\/wp-content\/uploads\/2020\/12\/IMG_0655-700x525.jpeg 700w\" sizes=\"auto, (max-width: 2560px) 100vw, 2560px\" \/>\t\t\t\t\t\t\t\t\t\t\t\t\t\t\t<\/div>\n\t\t\t\t<\/div>\n\t\t\t\t\t<\/div>\n\t\t<\/div>\n\t\t\t\t<div class=\"elementor-column elementor-col-50 elementor-top-column elementor-element elementor-element-2512693f\" data-id=\"2512693f\" data-element_type=\"column\" data-e-type=\"column\">\n\t\t\t<div class=\"elementor-widget-wrap elementor-element-populated\">\n\t\t\t\t\t\t<div class=\"elementor-element elementor-element-3a3df1bc elementor-widget elementor-widget-image\" data-id=\"3a3df1bc\" data-element_type=\"widget\" data-e-type=\"widget\" data-widget_type=\"image.default\">\n\t\t\t\t<div class=\"elementor-widget-container\">\n\t\t\t\t\t\t\t\t\t\t\t\t\t\t\t<img loading=\"lazy\" decoding=\"async\" width=\"2560\" height=\"1978\" src=\"https:\/\/napa.gl\/wp-content\/uploads\/2020\/12\/DSC1796-scaled.jpg\" class=\"attachment-full size-full wp-image-17684\" alt=\"\" srcset=\"https:\/\/napa.gl\/wp-content\/uploads\/2020\/12\/DSC1796-scaled.jpg 2560w, https:\/\/napa.gl\/wp-content\/uploads\/2020\/12\/DSC1796-300x232.jpg 300w, https:\/\/napa.gl\/wp-content\/uploads\/2020\/12\/DSC1796-1024x791.jpg 1024w, https:\/\/napa.gl\/wp-content\/uploads\/2020\/12\/DSC1796-768x593.jpg 768w, https:\/\/napa.gl\/wp-content\/uploads\/2020\/12\/DSC1796-1536x1187.jpg 1536w, https:\/\/napa.gl\/wp-content\/uploads\/2020\/12\/DSC1796-2048x1583.jpg 2048w, https:\/\/napa.gl\/wp-content\/uploads\/2020\/12\/DSC1796-700x541.jpg 700w\" sizes=\"auto, (max-width: 2560px) 100vw, 2560px\" \/>\t\t\t\t\t\t\t\t\t\t\t\t\t\t\t<\/div>\n\t\t\t\t<\/div>\n\t\t\t\t\t<\/div>\n\t\t<\/div>\n\t\t\t\t\t<\/div>\n\t\t<\/section>\n\t\t\t\t<section class=\"elementor-section elementor-top-section elementor-element elementor-element-4464f0eb elementor-section-boxed elementor-section-height-default elementor-section-height-default parallax_section_no qode_elementor_container_no\" data-id=\"4464f0eb\" data-element_type=\"section\" data-e-type=\"section\">\n\t\t\t\t\t\t<div class=\"elementor-container elementor-column-gap-no\">\n\t\t\t\t\t<div class=\"elementor-column elementor-col-100 elementor-top-column elementor-element elementor-element-52dd7db7\" data-id=\"52dd7db7\" data-element_type=\"column\" data-e-type=\"column\">\n\t\t\t<div class=\"elementor-widget-wrap elementor-element-populated\">\n\t\t\t\t\t\t<div class=\"elementor-element elementor-element-1053ac23 elementor-widget elementor-widget-image\" data-id=\"1053ac23\" data-element_type=\"widget\" data-e-type=\"widget\" data-widget_type=\"image.default\">\n\t\t\t\t<div class=\"elementor-widget-container\">\n\t\t\t\t\t\t\t\t\t\t\t\t\t\t\t<img loading=\"lazy\" decoding=\"async\" width=\"2560\" height=\"913\" src=\"https:\/\/napa.gl\/wp-content\/uploads\/2020\/12\/Birthe_Charlotte-Lakits-scaled.jpg\" class=\"attachment-full size-full wp-image-17704\" alt=\"\" srcset=\"https:\/\/napa.gl\/wp-content\/uploads\/2020\/12\/Birthe_Charlotte-Lakits-scaled.jpg 2560w, https:\/\/napa.gl\/wp-content\/uploads\/2020\/12\/Birthe_Charlotte-Lakits-300x107.jpg 300w, https:\/\/napa.gl\/wp-content\/uploads\/2020\/12\/Birthe_Charlotte-Lakits-1024x365.jpg 1024w, https:\/\/napa.gl\/wp-content\/uploads\/2020\/12\/Birthe_Charlotte-Lakits-768x274.jpg 768w, https:\/\/napa.gl\/wp-content\/uploads\/2020\/12\/Birthe_Charlotte-Lakits-1536x548.jpg 1536w, https:\/\/napa.gl\/wp-content\/uploads\/2020\/12\/Birthe_Charlotte-Lakits-2048x730.jpg 2048w, https:\/\/napa.gl\/wp-content\/uploads\/2020\/12\/Birthe_Charlotte-Lakits-700x250.jpg 700w\" sizes=\"auto, (max-width: 2560px) 100vw, 2560px\" \/>\t\t\t\t\t\t\t\t\t\t\t\t\t\t\t<\/div>\n\t\t\t\t<\/div>\n\t\t\t\t\t<\/div>\n\t\t<\/div>\n\t\t\t\t\t<\/div>\n\t\t<\/section>\n\t\t\t\t<section class=\"elementor-section elementor-top-section elementor-element elementor-element-5bda3bc3 elementor-section-boxed elementor-section-height-default elementor-section-height-default parallax_section_no qode_elementor_container_no\" data-id=\"5bda3bc3\" data-element_type=\"section\" data-e-type=\"section\">\n\t\t\t\t\t\t<div class=\"elementor-container elementor-column-gap-default\">\n\t\t\t\t\t<div class=\"elementor-column elementor-col-100 elementor-top-column elementor-element elementor-element-4b1e4bb8\" data-id=\"4b1e4bb8\" data-element_type=\"column\" data-e-type=\"column\">\n\t\t\t<div class=\"elementor-widget-wrap elementor-element-populated\">\n\t\t\t\t\t\t<div class=\"elementor-element elementor-element-7af427ac elementor-widget elementor-widget-heading\" data-id=\"7af427ac\" data-element_type=\"widget\" data-e-type=\"widget\" data-widget_type=\"heading.default\">\n\t\t\t\t<div class=\"elementor-widget-container\">\n\t\t\t\t\t<h5 class=\"elementor-heading-title elementor-size-default\">Andet aktuelt<\/h5>\t\t\t\t<\/div>\n\t\t\t\t<\/div>\n\t\t\t\t<div class=\"elementor-element elementor-element-c2f4756 elementor-grid-4 elementor-grid-tablet-2 elementor-grid-mobile-1 elementor-posts--thumbnail-top elementor-widget elementor-widget-posts\" data-id=\"c2f4756\" data-element_type=\"widget\" data-e-type=\"widget\" data-settings=\"{&quot;classic_columns&quot;:&quot;4&quot;,&quot;classic_columns_tablet&quot;:&quot;2&quot;,&quot;classic_columns_mobile&quot;:&quot;1&quot;,&quot;classic_row_gap&quot;:{&quot;unit&quot;:&quot;px&quot;,&quot;size&quot;:35,&quot;sizes&quot;:[]},&quot;classic_row_gap_tablet&quot;:{&quot;unit&quot;:&quot;px&quot;,&quot;size&quot;:&quot;&quot;,&quot;sizes&quot;:[]},&quot;classic_row_gap_mobile&quot;:{&quot;unit&quot;:&quot;px&quot;,&quot;size&quot;:&quot;&quot;,&quot;sizes&quot;:[]}}\" data-widget_type=\"posts.classic\">\n\t\t\t\t<div class=\"elementor-widget-container\">\n\t\t\t\t\t\t\t<div class=\"elementor-posts-container elementor-posts elementor-posts--skin-classic elementor-grid\" role=\"list\">\n\t\t\t\t<article class=\"elementor-post elementor-grid-item post-21513 post type-post status-publish format-standard has-post-thumbnail hentry category-nyt category-arktiske-perspektiver category-begivenheder category-norden\" role=\"listitem\">\n\t\t\t\t<a class=\"elementor-post__thumbnail__link\" href=\"https:\/\/napa.gl\/da\/aqqaluk-lynge-besoegte-vaagn-med-napa\/\" tabindex=\"-1\">\n\t\t\t<div class=\"elementor-post__thumbnail\"><img loading=\"lazy\" decoding=\"async\" width=\"300\" height=\"225\" src=\"https:\/\/napa.gl\/wp-content\/uploads\/2021\/04\/IMG_2787-300x225.jpeg\" class=\"attachment-medium size-medium wp-image-21515\" alt=\"Aqqaluk Lynge holder opl\u00e6g til V\u00e5gn med NAPA\" srcset=\"https:\/\/napa.gl\/wp-content\/uploads\/2021\/04\/IMG_2787-300x225.jpeg 300w, https:\/\/napa.gl\/wp-content\/uploads\/2021\/04\/IMG_2787-1024x768.jpeg 1024w, https:\/\/napa.gl\/wp-content\/uploads\/2021\/04\/IMG_2787-768x576.jpeg 768w, https:\/\/napa.gl\/wp-content\/uploads\/2021\/04\/IMG_2787-1536x1152.jpeg 1536w, https:\/\/napa.gl\/wp-content\/uploads\/2021\/04\/IMG_2787-2048x1536.jpeg 2048w, https:\/\/napa.gl\/wp-content\/uploads\/2021\/04\/IMG_2787-800x600.jpeg 800w, https:\/\/napa.gl\/wp-content\/uploads\/2021\/04\/IMG_2787-700x525.jpeg 700w\" sizes=\"auto, (max-width: 300px) 100vw, 300px\" \/><\/div>\n\t\t<\/a>\n\t\t\t\t<div class=\"elementor-post__text\">\n\t\t\t\t<h5 class=\"elementor-post__title\">\n\t\t\t<a href=\"https:\/\/napa.gl\/da\/aqqaluk-lynge-besoegte-vaagn-med-napa\/\">\n\t\t\t\tAqqaluk Lynge bes\u00f8gte V\u00e5gn med NAPA\t\t\t<\/a>\n\t\t<\/h5>\n\t\t\t\t<div class=\"elementor-post__excerpt\">\n\t\t\t<p>Gr\u00f8nland og den store verden var temaet, da den gr\u00f8nlandske tidligere politiker og en af grundl\u00e6ggerne til det politiske parti Inuit Ataqatigiit og forfatter Aqqaluk Lynge bes\u00f8gte V\u00e5gn med NAPA P\u00e5 en ellers ganske almindelig fredag i Nuuk med let t\u00f8vejr havde vi et fornemt<\/p>\n\t\t<\/div>\n\t\t\n\t\t<a class=\"elementor-post__read-more\" href=\"https:\/\/napa.gl\/da\/aqqaluk-lynge-besoegte-vaagn-med-napa\/\" aria-label=\"Read more about Aqqaluk Lynge bes\u00f8gte V\u00e5gn med NAPA\" tabindex=\"-1\">\n\t\t\tL\u00e6s mere \u00bb\t\t<\/a>\n\n\t\t\t\t<\/div>\n\t\t\t\t<\/article>\n\t\t\t\t<article class=\"elementor-post elementor-grid-item post-39777 post type-post status-publish format-standard has-post-thumbnail hentry category-arktiske-perspektiver category-begivenheder category-kultur category-musik category-nyt\" role=\"listitem\">\n\t\t\t\t<a class=\"elementor-post__thumbnail__link\" href=\"https:\/\/napa.gl\/da\/et-tilbageblik-paa-suialaa-arts-festival-2025\/\" tabindex=\"-1\">\n\t\t\t<div class=\"elementor-post__thumbnail\"><img loading=\"lazy\" decoding=\"async\" width=\"300\" height=\"200\" src=\"https:\/\/napa.gl\/wp-content\/uploads\/2025\/11\/Dine3-1-of-1-300x200.jpg\" class=\"attachment-medium size-medium wp-image-39778\" alt=\"\" srcset=\"https:\/\/napa.gl\/wp-content\/uploads\/2025\/11\/Dine3-1-of-1-300x200.jpg 300w, https:\/\/napa.gl\/wp-content\/uploads\/2025\/11\/Dine3-1-of-1-1024x683.jpg 1024w, https:\/\/napa.gl\/wp-content\/uploads\/2025\/11\/Dine3-1-of-1-768x512.jpg 768w, https:\/\/napa.gl\/wp-content\/uploads\/2025\/11\/Dine3-1-of-1-1536x1024.jpg 1536w, https:\/\/napa.gl\/wp-content\/uploads\/2025\/11\/Dine3-1-of-1-700x467.jpg 700w, https:\/\/napa.gl\/wp-content\/uploads\/2025\/11\/Dine3-1-of-1.jpg 2048w\" sizes=\"auto, (max-width: 300px) 100vw, 300px\" \/><\/div>\n\t\t<\/a>\n\t\t\t\t<div class=\"elementor-post__text\">\n\t\t\t\t<h5 class=\"elementor-post__title\">\n\t\t\t<a href=\"https:\/\/napa.gl\/da\/et-tilbageblik-paa-suialaa-arts-festival-2025\/\">\n\t\t\t\tEt tilbageblik p\u00e5 Suialaa Arts Festival 2025\t\t\t<\/a>\n\t\t<\/h5>\n\t\t\t\t<div class=\"elementor-post__excerpt\">\n\t\t\t<p>Suialaa\u00a0Arts Festival 2025 blev afholdt i Nuuk den 23.\u201326. oktober. Festivalen er Gr\u00f8nlands st\u00f8rste tilbagevendende kulturfestival, som afholdes hvert andet \u00e5r. NAPA er stolt medejer af festivalen sammen med\u00a0Kommuneqarfik\u00a0Sermersooq.\u00a0 I \u00e5r udfoldede festivalen sig over hele Nuuk med koncerter, teater, danseforestillinger, udstillinger, litteraturarrangementer, seminarer, workshops<\/p>\n\t\t<\/div>\n\t\t\n\t\t<a class=\"elementor-post__read-more\" href=\"https:\/\/napa.gl\/da\/et-tilbageblik-paa-suialaa-arts-festival-2025\/\" aria-label=\"Read more about Et tilbageblik p\u00e5 Suialaa Arts Festival 2025\" tabindex=\"-1\">\n\t\t\tL\u00e6s mere \u00bb\t\t<\/a>\n\n\t\t\t\t<\/div>\n\t\t\t\t<\/article>\n\t\t\t\t<article class=\"elementor-post elementor-grid-item post-21437 post type-post status-publish format-standard has-post-thumbnail hentry category-nyt category-begivenheder category-norden\" role=\"listitem\">\n\t\t\t\t<a class=\"elementor-post__thumbnail__link\" href=\"https:\/\/napa.gl\/da\/nordiske-forfattersamtaler-som-streamingserie\/\" tabindex=\"-1\">\n\t\t\t<div class=\"elementor-post__thumbnail\"><img loading=\"lazy\" decoding=\"async\" width=\"300\" height=\"167\" src=\"https:\/\/napa.gl\/wp-content\/uploads\/2021\/04\/Forfattersamtaler-300x167.jpeg\" class=\"attachment-medium size-medium wp-image-21438\" alt=\"Forfatterportr\u00e6tter\" srcset=\"https:\/\/napa.gl\/wp-content\/uploads\/2021\/04\/Forfattersamtaler-300x167.jpeg 300w, https:\/\/napa.gl\/wp-content\/uploads\/2021\/04\/Forfattersamtaler-768x427.jpeg 768w, https:\/\/napa.gl\/wp-content\/uploads\/2021\/04\/Forfattersamtaler-700x389.jpeg 700w, https:\/\/napa.gl\/wp-content\/uploads\/2021\/04\/Forfattersamtaler.jpeg 900w\" sizes=\"auto, (max-width: 300px) 100vw, 300px\" \/><\/div>\n\t\t<\/a>\n\t\t\t\t<div class=\"elementor-post__text\">\n\t\t\t\t<h5 class=\"elementor-post__title\">\n\t\t\t<a href=\"https:\/\/napa.gl\/da\/nordiske-forfattersamtaler-som-streamingserie\/\">\n\t\t\t\tM\u00f8d de nominerede til Nordisk R\u00e5ds Litteraturpris\t\t\t<\/a>\n\t\t<\/h5>\n\t\t\t\t<div class=\"elementor-post__excerpt\">\n\t\t\t<p>Den 14. april er der premiere p\u00e5 en ny serie med livestreamede forfattersamtaler med de nominerede til Nordisk R\u00e5ds Litteraturpris. Hver uge skal vi m\u00f8de nogle af de aktuelle forfattere for at tale om overlevelse, galskab, relationer, rejselyst, forfald og andre perspektiver, som deres v\u00e6rker<\/p>\n\t\t<\/div>\n\t\t\n\t\t<a class=\"elementor-post__read-more\" href=\"https:\/\/napa.gl\/da\/nordiske-forfattersamtaler-som-streamingserie\/\" aria-label=\"Read more about M\u00f8d de nominerede til Nordisk R\u00e5ds Litteraturpris\" tabindex=\"-1\">\n\t\t\tL\u00e6s mere \u00bb\t\t<\/a>\n\n\t\t\t\t<\/div>\n\t\t\t\t<\/article>\n\t\t\t\t<article class=\"elementor-post elementor-grid-item post-35993 post type-post status-publish format-standard has-post-thumbnail hentry category-nyt category-stoettede-projekter\" role=\"listitem\">\n\t\t\t\t<a class=\"elementor-post__thumbnail__link\" href=\"https:\/\/napa.gl\/da\/smaa-sprog-stor-betydning-seminar-og-litteraturfestival-for-de-smaa-sprog\/\" tabindex=\"-1\">\n\t\t\t<div class=\"elementor-post__thumbnail\"><img loading=\"lazy\" decoding=\"async\" width=\"300\" height=\"169\" src=\"https:\/\/napa.gl\/wp-content\/uploads\/2024\/10\/7V9A7073-300x169.webp\" class=\"attachment-medium size-medium wp-image-35994\" alt=\"Kalaallit Atuakkiortut\" srcset=\"https:\/\/napa.gl\/wp-content\/uploads\/2024\/10\/7V9A7073-300x169.webp 300w, https:\/\/napa.gl\/wp-content\/uploads\/2024\/10\/7V9A7073-1024x576.webp 1024w, https:\/\/napa.gl\/wp-content\/uploads\/2024\/10\/7V9A7073-768x432.webp 768w, https:\/\/napa.gl\/wp-content\/uploads\/2024\/10\/7V9A7073-1536x864.webp 1536w, https:\/\/napa.gl\/wp-content\/uploads\/2024\/10\/7V9A7073-700x394.webp 700w, https:\/\/napa.gl\/wp-content\/uploads\/2024\/10\/7V9A7073-539x303.webp 539w, https:\/\/napa.gl\/wp-content\/uploads\/2024\/10\/7V9A7073.webp 1920w\" sizes=\"auto, (max-width: 300px) 100vw, 300px\" \/><\/div>\n\t\t<\/a>\n\t\t\t\t<div class=\"elementor-post__text\">\n\t\t\t\t<h5 class=\"elementor-post__title\">\n\t\t\t<a href=\"https:\/\/napa.gl\/da\/smaa-sprog-stor-betydning-seminar-og-litteraturfestival-for-de-smaa-sprog\/\">\n\t\t\t\tSm\u00e5 sprog, stor betydning &#8211; Seminar og litteraturfestival for de sm\u00e5 sprog\t\t\t<\/a>\n\t\t<\/h5>\n\t\t\t\t<div class=\"elementor-post__excerpt\">\n\t\t\t<p>Sprog kan b\u00e6re en kultur. M\u00e5den, vi taler med hinanden p\u00e5, er med til at danne relationer, og m\u00e5den, vi taler om vores samfund p\u00e5, er med til at skabe nye verdenssyn. Derfor er det vigtigt at bevare, bruge og udvikle ens modersm\u00e5l &#8211; ikke<\/p>\n\t\t<\/div>\n\t\t\n\t\t<a class=\"elementor-post__read-more\" href=\"https:\/\/napa.gl\/da\/smaa-sprog-stor-betydning-seminar-og-litteraturfestival-for-de-smaa-sprog\/\" aria-label=\"Read more about Sm\u00e5 sprog, stor betydning &#8211; Seminar og litteraturfestival for de sm\u00e5 sprog\" tabindex=\"-1\">\n\t\t\tL\u00e6s mere \u00bb\t\t<\/a>\n\n\t\t\t\t<\/div>\n\t\t\t\t<\/article>\n\t\t\t\t<\/div>\n\t\t\n\t\t\t\t\t\t<\/div>\n\t\t\t\t<\/div>\n\t\t\t\t\t<\/div>\n\t\t<\/div>\n\t\t\t\t\t<\/div>\n\t\t<\/section>\n\t\t\t\t<\/div>\n\t\t","protected":false},"excerpt":{"rendered":"<p>Sammen med den franske fotograf Charlotte Lakits har NAPA lavet skriveworkshops for unge. Fra tanke til papir for at portr\u00e6ttere moderne unge i Gr\u00f8nlandStemningen var intens og livlig p\u00e5 de forel\u00f8big to skriveworkshops, som NAPA har v\u00e6ret med til at realisere. Skrivegl\u00e6den, den sproglige nysgerrighed&#8230;<\/p>\n","protected":false},"author":24,"featured_media":17695,"comment_status":"open","ping_status":"open","sticky":false,"template":"","format":"standard","meta":{"footnotes":""},"categories":[115],"tags":[],"class_list":["post-17716","post","type-post","status-publish","format-standard","has-post-thumbnail","hentry","category-nyt"],"_links":{"self":[{"href":"https:\/\/napa.gl\/da\/wp-json\/wp\/v2\/posts\/17716","targetHints":{"allow":["GET"]}}],"collection":[{"href":"https:\/\/napa.gl\/da\/wp-json\/wp\/v2\/posts"}],"about":[{"href":"https:\/\/napa.gl\/da\/wp-json\/wp\/v2\/types\/post"}],"author":[{"embeddable":true,"href":"https:\/\/napa.gl\/da\/wp-json\/wp\/v2\/users\/24"}],"replies":[{"embeddable":true,"href":"https:\/\/napa.gl\/da\/wp-json\/wp\/v2\/comments?post=17716"}],"version-history":[{"count":7,"href":"https:\/\/napa.gl\/da\/wp-json\/wp\/v2\/posts\/17716\/revisions"}],"predecessor-version":[{"id":17723,"href":"https:\/\/napa.gl\/da\/wp-json\/wp\/v2\/posts\/17716\/revisions\/17723"}],"wp:featuredmedia":[{"embeddable":true,"href":"https:\/\/napa.gl\/da\/wp-json\/wp\/v2\/media\/17695"}],"wp:attachment":[{"href":"https:\/\/napa.gl\/da\/wp-json\/wp\/v2\/media?parent=17716"}],"wp:term":[{"taxonomy":"category","embeddable":true,"href":"https:\/\/napa.gl\/da\/wp-json\/wp\/v2\/categories?post=17716"},{"taxonomy":"post_tag","embeddable":true,"href":"https:\/\/napa.gl\/da\/wp-json\/wp\/v2\/tags?post=17716"}],"curies":[{"name":"wp","href":"https:\/\/api.w.org\/{rel}","templated":true}]}}